{"id":379,"date":"2020-06-29T08:24:22","date_gmt":"2020-06-29T15:24:22","guid":{"rendered":"https:\/\/kwtbsoc.com\/espanol\/?p=379"},"modified":"2020-06-29T08:24:22","modified_gmt":"2020-06-29T15:24:22","slug":"ley-de-flexibilidad-del-programa-de-proteccion-de-cheques-de-pago","status":"publish","type":"post","link":"https:\/\/kwtbsoc.com\/espanol\/2020\/06\/29\/ley-de-flexibilidad-del-programa-de-proteccion-de-cheques-de-pago\/","title":{"rendered":"Ley de Flexibilidad del Programa de Protecci\u00f3n de Cheques de Pago"},"content":{"rendered":"<p>El Senado aprob\u00f3 la ley de flexibilidad del programa de protecci\u00f3n de cheques de pago. La nueva ley fue firmada por el Presidente y entr\u00f3 en vigencia el 5 de junio.<\/p>\n<p>Esta ley modifica la Ley CARES y realiza cambios significativos a la ley anterior y a las reglas de la SBA relacionadas con el Programa de Protecci\u00f3n de Cheques de Pago.<\/p>\n<p><span>La\u00a0<\/span><a class=\"color-link\" title=\"https:\/\/www.congress.gov\/bill\/116th-congress\/house-bill\/7010\/text\" href=\"https:\/\/www.congress.gov\/bill\/116th-congress\/house-bill\/7010\/text\" target=\"_blank\" rel=\"nofollow noopener noreferrer\" data-ga-track=\"ExternalLink:https:\/\/www.congress.gov\/bill\/116th-congress\/house-bill\/7010\/text\" aria-label=\"Ley de flexibilidad\"><span>Ley de Flexibilidad<\/span><\/a><span>\u00a0hizo algunos cambios clave en el Programa PPP:\u00a0<\/span><\/p>\n<ul>\n<li><span>Para los pr\u00e9stamos hechos despu\u00e9s del 5 de junio, extendi\u00f3 la fecha de vencimiento del pr\u00e9stamo de dos a cinco a\u00f1os.\u00a0La fecha de vencimiento tambi\u00e9n se puede extender para pr\u00e9stamos hechos antes del 5 de junio, si el prestatario y el prestamista acuerdan mutuamente.<\/span><\/li>\n<li><span>El per\u00edodo cubierto para la condonaci\u00f3n del pr\u00e9stamo se extendi\u00f3 de ocho semanas a 24 semanas.\u00a0Sin embargo, los prestatarios con pr\u00e9stamos tomados antes del 5 de junio a\u00fan pueden elegir el per\u00edodo de ocho semanas.\u00a0<\/span><\/li>\n<li><span>La Ley redujo la cantidad que necesitaba gastar en la n\u00f3mina para obtener el perd\u00f3n del 75% al \u200b\u200b60%.\u00a0Originalmente, la Ley hizo que pareciera que si no llega al 60% en los gastos de n\u00f3mina, no obtiene ning\u00fan perd\u00f3n.\u00a0Sin embargo,\u00a0<\/span><a class=\"color-link\" title=\"https:\/\/www.sba.gov\/about-sba\/sba-newsroom\/press-releases-media-advisories\/joint-statement-sba-administrator-jovita-carranza-and-us-treasury-secretary-steven-t- mnuchin\" href=\"https:\/\/www.sba.gov\/about-sba\/sba-newsroom\/press-releases-media-advisories\/joint-statement-sba-administrator-jovita-carranza-and-us-treasury-secretary-steven-t-mnuchin\" target=\"_blank\" rel=\"nofollow noopener noreferrer\" data-ga-track=\"ExternalLink:https:\/\/www.sba.gov\/about-sba\/sba-newsroom\/press-releases-media-advisories\/joint-statement-sba-administrator-jovita-carranza-and-us-treasury-secretary-steven-t-mnuchin\" aria-label=\"la SBA y el Tesoro luego aclararon\"><span>la SBA y el Tesoro luego aclararon que<\/span><\/a><span>\u00a0incluso si no llegaba al 60% en los gastos de n\u00f3mina, a\u00fan podr\u00eda obtener una condonaci\u00f3n parcial.\u00a0<\/span><\/li>\n<li><span>La Ley extendi\u00f3 la fecha para reemplazar a los empleados equivalentes a tiempo completo (FTE) y restablecer los salarios desde el 30 de junio de 2020 hasta el 31 de diciembre de 2020. Tambi\u00e9n permiti\u00f3 alivio para aquellas empresas que tienen una p\u00e9rdida de FTE debido a restricciones relacionadas con Covid-19 que evitar el mismo nivel de actividad comercial hasta el final del a\u00f1o.\u00a0Esta es una ayuda importante para aquellas empresas que a\u00fan no han podido reabrir por completo debido a las restricciones de quedarse en casa.<\/span><\/li>\n<\/ul>\n","protected":false},"excerpt":{"rendered":"<p>El Senado aprob\u00f3 la ley de flexibilidad del programa de protecci\u00f3n de cheques de pago. La nueva ley fue firmada por el Presidente y entr\u00f3 en vigencia el 5 de junio. Esta ley modifica la Ley CARES y realiza cambios significativos a la ley anterior y a las reglas de la SBA relacionadas con el [&hellip;]<\/p>\n","protected":false},"author":2,"featured_media":380,"comment_status":"open","ping_status":"open","sticky":false,"template":"","format":"standard","meta":{"om_disable_all_campaigns":false,"_monsterinsights_skip_tracking":false,"_monsterinsights_sitenote_active":false,"_monsterinsights_sitenote_note":"","_monsterinsights_sitenote_category":0,"footnotes":""},"categories":[1],"tags":[],"class_list":["post-379","post","type-post","status-publish","format-standard","has-post-thumbnail","hentry","category-columna"],"aioseo_notices":[],"_links":{"self":[{"href":"https:\/\/kwtbsoc.com\/espanol\/wp-json\/wp\/v2\/posts\/379","targetHints":{"allow":["GET"]}}],"collection":[{"href":"https:\/\/kwtbsoc.com\/espanol\/wp-json\/wp\/v2\/posts"}],"about":[{"href":"https:\/\/kwtbsoc.com\/espanol\/wp-json\/wp\/v2\/types\/post"}],"author":[{"embeddable":true,"href":"https:\/\/kwtbsoc.com\/espanol\/wp-json\/wp\/v2\/users\/2"}],"replies":[{"embeddable":true,"href":"https:\/\/kwtbsoc.com\/espanol\/wp-json\/wp\/v2\/comments?post=379"}],"version-history":[{"count":1,"href":"https:\/\/kwtbsoc.com\/espanol\/wp-json\/wp\/v2\/posts\/379\/revisions"}],"predecessor-version":[{"id":381,"href":"https:\/\/kwtbsoc.com\/espanol\/wp-json\/wp\/v2\/posts\/379\/revisions\/381"}],"wp:featuredmedia":[{"embeddable":true,"href":"https:\/\/kwtbsoc.com\/espanol\/wp-json\/wp\/v2\/media\/380"}],"wp:attachment":[{"href":"https:\/\/kwtbsoc.com\/espanol\/wp-json\/wp\/v2\/media?parent=379"}],"wp:term":[{"taxonomy":"category","embeddable":true,"href":"https:\/\/kwtbsoc.com\/espanol\/wp-json\/wp\/v2\/categories?post=379"},{"taxonomy":"post_tag","embeddable":true,"href":"https:\/\/kwtbsoc.com\/espanol\/wp-json\/wp\/v2\/tags?post=379"}],"curies":[{"name":"wp","href":"https:\/\/api.w.org\/{rel}","templated":true}]}}